{"id":1121,"date":"2013-04-04T00:44:00","date_gmt":"2013-04-04T00:44:00","guid":{"rendered":"http:\/\/jornalismo.ufsj.edu.br\/2013\/04\/04\/encontro-aborda-comunicacao-regional-no-campo-das-vertentes"},"modified":"2013-04-04T00:44:00","modified_gmt":"2013-04-04T00:44:00","slug":"encontro-aborda-comunicacao-regional-no-campo-das-vertentes","status":"publish","type":"post","link":"http:\/\/jornalismo.ufsj.edu.br\/site\/sem-categoria\/encontro-aborda-comunicacao-regional-no-campo-das-vertentes\/","title":{"rendered":"Encontro aborda Comunica\u00e7\u00e3o Regional no Campo das Vertentes"},"content":{"rendered":"<div class=\"separator\" style=\"clear:both;text-align:center;\"><\/div>\n<div style=\"text-align:left;\"><\/div>\n<div style=\"text-align:left;\"><\/div>\n<div class=\"separator\" style=\"clear:both;text-align:center;\"><\/div>\n<div class=\"separator\" style=\"clear:both;text-align:center;\"><\/div>\n<div class=\"separator\" style=\"clear:both;text-align:center;\"><\/div>\n<div style=\"text-align:right;\"><\/div>\n<p><span style=\"line-height:24px;\"><\/span><\/p>\n<div class=\"separator\" style=\"clear:both;text-align:center;\"><a href=\"https:\/\/jornalismou.files.wordpress.com\/2013\/04\/8076b-vanufsj.jpg\" style=\"margin-left:1em;margin-right:1em;\"><img loading=\"lazy\" border=\"0\" height=\"146\" src=\"https:\/\/jornalismou.files.wordpress.com\/2013\/04\/8076b-vanufsj.jpg?w=300\" width=\"400\" \/><\/a><\/div>\n<div class=\"separator\" style=\"clear:both;text-align:center;\"><\/div>\n<div class=\"separator\" style=\"clear:both;text-align:left;\"><span style=\"line-height:24px;\">Jornalistas, estudantes e profissionais da \u00e1rea est\u00e3o convidados para explorar a comunica\u00e7\u00e3o produzida na regi\u00e3o das Vertentes no pr\u00f3ximo dia 4, a partir das 13h30. Na ocasi\u00e3o acontece o II Encontro de Comunica\u00e7\u00e3o Regional no Campo das Vertentes, no Campus Tancredo Neves (CTAN) da Universidade Federal de S\u00e3o Jo\u00e3o del-Rei (UFSJ).\u00a0<\/span><\/div>\n<div class=\"separator\" style=\"clear:both;text-align:left;\"><\/div>\n<div class=\"separator\" style=\"clear:both;text-align:left;\"><span style=\"line-height:24px;\">O objetivo do evento \u00e9 reunir editores, jornalistas e demais profissionais ligados \u00e0 Comunica\u00e7\u00e3o nas Vertentes para refletir sobre o cen\u00e1rio atual e conhecer a nova estrutura\u00e7\u00e3o da Vertentes Ag\u00eancia de Not\u00edcias (VAN), projeto de extens\u00e3o do curso de Jornalismo da UFSJ, que se prop\u00f5e a estimular o aumento na circula\u00e7\u00e3o de not\u00edcias regionais.\u00a0<\/span><\/div>\n<div class=\"separator\" style=\"clear:both;text-align:left;\"><span style=\"line-height:24px;\"><br \/><\/span><\/div>\n<div class=\"separator\" style=\"clear:both;text-align:left;\"><span style=\"line-height:24px;\">\u201cO que queremos \u00e9 enfatizar a import\u00e2ncia do profissional de Comunica\u00e7\u00e3o em localidades distantes dos grandes centros, como respons\u00e1vel pela promo\u00e7\u00e3o de a\u00e7\u00f5es cidad\u00e3s e comprometidos com o desenvolvimento da regi\u00e3o\u201d, afirma a coordenadora da VAN e idealizadora do evento, Professora Filomena Bomfim.   Aos participantes do II Encontro de Comunica\u00e7\u00e3o Regional no Campo das Vertentes ser\u00e3o oferecidas oficinas de <b><a href=\"https:\/\/www.youtube.com\/watch?feature=player_embedded&amp;v=-Xg829rSNAQ\">texto<\/a><\/b> e v\u00eddeo \u2013 com vagas limitadas -, exibi\u00e7\u00e3o de document\u00e1rios, ciclo de debates, palestras e exposi\u00e7\u00e3o de trabalhos ligados \u00e0 comunica\u00e7\u00e3o regional.\u00a0<\/span><span style=\"line-height:24px;\">O contato deve ser feito diretamente pelo e-mail <\/span><b style=\"line-height:24px;\"><a href=\"mailto:vanufsj@gmail.com\">vanufsj@gmail.com<\/a><\/b><span style=\"line-height:24px;\">.\u00a0<\/span><\/div>\n<div class=\"separator\" style=\"clear:both;text-align:left;\"><span style=\"line-height:24px;\"><br \/><\/span><\/div>\n<div class=\"separator\" style=\"clear:both;text-align:left;\"><span style=\"line-height:24px;\"><b>VAN\u00a0<\/b><\/span><\/div>\n<div class=\"separator\" style=\"clear:both;text-align:left;\"><span style=\"line-height:24px;\">A ideia por tr\u00e1s da Vertentes Ag\u00eancia de Not\u00edcias (VAN) surgiu em 2010, durante a disciplina de Jornalismo Internacional do curso de Comunica\u00e7\u00e3o da UFSJ. Visando estimular e contribuir para a circula\u00e7\u00e3o de material noticioso na regi\u00e3o, a ag\u00eancia fornece pautas e produtos jornal\u00edsticos para ve\u00edculos de imprensa do Campo das Vertentes, ao mesmo tempo em que contribui para a forma\u00e7\u00e3o dos alunos do curso. Para conhecer a VAN, acesse: <b><a href=\"http:\/\/www.vanufsj.jor.br.\/\">www.vanufsj.jor.br<\/a>.<\/b><\/span><span style=\"line-height:24px;\">\u00a0<\/span><\/div>\n<p><span style=\"line-height:24px;\"><br \/><\/span><\/p>\n<div style=\"text-align:right;\"><span style=\"line-height:24px;\">Reda\u00e7\u00e3o: Pedro D&#8217;Angelo<\/span><\/div>\n<div style=\"text-align:right;\"><span style=\"line-height:24px;\"><b><a href=\"https:\/\/www.facebook.com\/mosaicocomunicacaojr\">Mosaico Comunica\u00e7\u00e3o Jr.<\/a><\/b>\u00a0<\/span><\/div>\n<div style=\"text-align:right;\"><span style=\"line-height:24px;\">Edi\u00e7\u00e3o: Alessandra de Falco<\/span><\/div>\n","protected":false},"excerpt":{"rendered":"<p>Jornalistas, estudantes e profissionais da \u00e1rea est\u00e3o convidados para explorar a comunica\u00e7\u00e3o produzida na regi\u00e3o das Vertentes no pr\u00f3ximo dia 4, a partir das 13h30. Na ocasi\u00e3o acontece o II Encontro de Comunica\u00e7\u00e3o Regional no Campo das Vertentes, no Campus&#8230;<\/p>\n","protected":false},"author":3,"featured_media":0,"comment_status":"open","ping_status":"open","sticky":false,"template":"","format":"standard","meta":{"_monsterinsights_skip_tracking":false,"_monsterinsights_sitenote_active":false,"_monsterinsights_sitenote_note":"","_monsterinsights_sitenote_category":0},"categories":[70],"tags":[],"yoast_head":"<!-- This site is optimized with the Yoast SEO plugin v20.6 - https:\/\/yoast.com\/wordpress\/plugins\/seo\/ -->\n<title>Encontro aborda Comunica\u00e7\u00e3o Regional no Campo das Vertentes - Jornalismo UFSJ<\/title>\n<meta name=\"robots\" content=\"index, follow, max-snippet:-1, max-image-preview:large, max-video-preview:-1\" \/>\n<link rel=\"canonical\" href=\"http:\/\/jornalismo.ufsj.edu.br\/site\/sem-categoria\/encontro-aborda-comunicacao-regional-no-campo-das-vertentes\/\" \/>\n<meta property=\"og:locale\" content=\"pt_BR\" \/>\n<meta property=\"og:type\" content=\"article\" \/>\n<meta property=\"og:title\" content=\"Encontro aborda Comunica\u00e7\u00e3o Regional no Campo das Vertentes - Jornalismo UFSJ\" \/>\n<meta property=\"og:description\" content=\"Jornalistas, estudantes e profissionais da \u00e1rea est\u00e3o convidados para explorar a comunica\u00e7\u00e3o produzida na regi\u00e3o das Vertentes no pr\u00f3ximo dia 4, a partir das 13h30. Na ocasi\u00e3o acontece o II Encontro de Comunica\u00e7\u00e3o Regional no Campo das Vertentes, no Campus...\" \/>\n<meta property=\"og:url\" content=\"http:\/\/jornalismo.ufsj.edu.br\/site\/sem-categoria\/encontro-aborda-comunicacao-regional-no-campo-das-vertentes\/\" \/>\n<meta property=\"og:site_name\" content=\"Jornalismo UFSJ\" \/>\n<meta property=\"article:publisher\" content=\"https:\/\/www.facebook.com\/jornalismoufsj\/\" \/>\n<meta property=\"article:published_time\" content=\"2013-04-04T00:44:00+00:00\" \/>\n<meta property=\"og:image\" content=\"https:\/\/jornalismou.files.wordpress.com\/2013\/04\/8076b-vanufsj.jpg?w=300\" \/>\n<meta name=\"twitter:card\" content=\"summary_large_image\" \/>\n<meta name=\"twitter:creator\" content=\"@jornalismoufsj\" \/>\n<meta name=\"twitter:site\" content=\"@jornalismoufsj\" \/>\n<meta name=\"twitter:label1\" content=\"Escrito por\" \/>\n\t<meta name=\"twitter:data1\" content=\"\" \/>\n\t<meta name=\"twitter:label2\" content=\"Est. tempo de leitura\" \/>\n\t<meta name=\"twitter:data2\" content=\"2 minutos\" \/>\n<script type=\"application\/ld+json\" class=\"yoast-schema-graph\">{\"@context\":\"https:\/\/schema.org\",\"@graph\":[{\"@type\":\"WebPage\",\"@id\":\"http:\/\/jornalismo.ufsj.edu.br\/site\/sem-categoria\/encontro-aborda-comunicacao-regional-no-campo-das-vertentes\/\",\"url\":\"http:\/\/jornalismo.ufsj.edu.br\/site\/sem-categoria\/encontro-aborda-comunicacao-regional-no-campo-das-vertentes\/\",\"name\":\"Encontro aborda Comunica\u00e7\u00e3o Regional no Campo das Vertentes - Jornalismo UFSJ\",\"isPartOf\":{\"@id\":\"https:\/\/jornalismo.ufsj.edu.br\/site\/#website\"},\"datePublished\":\"2013-04-04T00:44:00+00:00\",\"dateModified\":\"2013-04-04T00:44:00+00:00\",\"author\":{\"@id\":\"\"},\"breadcrumb\":{\"@id\":\"http:\/\/jornalismo.ufsj.edu.br\/site\/sem-categoria\/encontro-aborda-comunicacao-regional-no-campo-das-vertentes\/#breadcrumb\"},\"inLanguage\":\"pt-BR\",\"potentialAction\":[{\"@type\":\"ReadAction\",\"target\":[\"http:\/\/jornalismo.ufsj.edu.br\/site\/sem-categoria\/encontro-aborda-comunicacao-regional-no-campo-das-vertentes\/\"]}]},{\"@type\":\"BreadcrumbList\",\"@id\":\"http:\/\/jornalismo.ufsj.edu.br\/site\/sem-categoria\/encontro-aborda-comunicacao-regional-no-campo-das-vertentes\/#breadcrumb\",\"itemListElement\":[{\"@type\":\"ListItem\",\"position\":1,\"name\":\"In\u00edcio\",\"item\":\"https:\/\/jornalismo.ufsj.edu.br\/site\/\"},{\"@type\":\"ListItem\",\"position\":2,\"name\":\"Encontro aborda Comunica\u00e7\u00e3o Regional no Campo das Vertentes\"}]},{\"@type\":\"WebSite\",\"@id\":\"https:\/\/jornalismo.ufsj.edu.br\/site\/#website\",\"url\":\"https:\/\/jornalismo.ufsj.edu.br\/site\/\",\"name\":\"Jornalismo UFSJ\",\"description\":\"\",\"potentialAction\":[{\"@type\":\"SearchAction\",\"target\":{\"@type\":\"EntryPoint\",\"urlTemplate\":\"https:\/\/jornalismo.ufsj.edu.br\/site\/?s={search_term_string}\"},\"query-input\":\"required name=search_term_string\"}],\"inLanguage\":\"pt-BR\"},{\"@type\":\"Person\",\"@id\":\"\"}]}<\/script>\n<!-- \/ Yoast SEO plugin. -->","yoast_head_json":{"title":"Encontro aborda Comunica\u00e7\u00e3o Regional no Campo das Vertentes - Jornalismo UFSJ","robots":{"index":"index","follow":"follow","max-snippet":"max-snippet:-1","max-image-preview":"max-image-preview:large","max-video-preview":"max-video-preview:-1"},"canonical":"http:\/\/jornalismo.ufsj.edu.br\/site\/sem-categoria\/encontro-aborda-comunicacao-regional-no-campo-das-vertentes\/","og_locale":"pt_BR","og_type":"article","og_title":"Encontro aborda Comunica\u00e7\u00e3o Regional no Campo das Vertentes - Jornalismo UFSJ","og_description":"Jornalistas, estudantes e profissionais da \u00e1rea est\u00e3o convidados para explorar a comunica\u00e7\u00e3o produzida na regi\u00e3o das Vertentes no pr\u00f3ximo dia 4, a partir das 13h30. Na ocasi\u00e3o acontece o II Encontro de Comunica\u00e7\u00e3o Regional no Campo das Vertentes, no Campus...","og_url":"http:\/\/jornalismo.ufsj.edu.br\/site\/sem-categoria\/encontro-aborda-comunicacao-regional-no-campo-das-vertentes\/","og_site_name":"Jornalismo UFSJ","article_publisher":"https:\/\/www.facebook.com\/jornalismoufsj\/","article_published_time":"2013-04-04T00:44:00+00:00","og_image":[{"url":"https:\/\/jornalismou.files.wordpress.com\/2013\/04\/8076b-vanufsj.jpg?w=300"}],"twitter_card":"summary_large_image","twitter_creator":"@jornalismoufsj","twitter_site":"@jornalismoufsj","twitter_misc":{"Escrito por":"","Est. tempo de leitura":"2 minutos"},"schema":{"@context":"https:\/\/schema.org","@graph":[{"@type":"WebPage","@id":"http:\/\/jornalismo.ufsj.edu.br\/site\/sem-categoria\/encontro-aborda-comunicacao-regional-no-campo-das-vertentes\/","url":"http:\/\/jornalismo.ufsj.edu.br\/site\/sem-categoria\/encontro-aborda-comunicacao-regional-no-campo-das-vertentes\/","name":"Encontro aborda Comunica\u00e7\u00e3o Regional no Campo das Vertentes - Jornalismo UFSJ","isPartOf":{"@id":"https:\/\/jornalismo.ufsj.edu.br\/site\/#website"},"datePublished":"2013-04-04T00:44:00+00:00","dateModified":"2013-04-04T00:44:00+00:00","author":{"@id":""},"breadcrumb":{"@id":"http:\/\/jornalismo.ufsj.edu.br\/site\/sem-categoria\/encontro-aborda-comunicacao-regional-no-campo-das-vertentes\/#breadcrumb"},"inLanguage":"pt-BR","potentialAction":[{"@type":"ReadAction","target":["http:\/\/jornalismo.ufsj.edu.br\/site\/sem-categoria\/encontro-aborda-comunicacao-regional-no-campo-das-vertentes\/"]}]},{"@type":"BreadcrumbList","@id":"http:\/\/jornalismo.ufsj.edu.br\/site\/sem-categoria\/encontro-aborda-comunicacao-regional-no-campo-das-vertentes\/#breadcrumb","itemListElement":[{"@type":"ListItem","position":1,"name":"In\u00edcio","item":"https:\/\/jornalismo.ufsj.edu.br\/site\/"},{"@type":"ListItem","position":2,"name":"Encontro aborda Comunica\u00e7\u00e3o Regional no Campo das Vertentes"}]},{"@type":"WebSite","@id":"https:\/\/jornalismo.ufsj.edu.br\/site\/#website","url":"https:\/\/jornalismo.ufsj.edu.br\/site\/","name":"Jornalismo UFSJ","description":"","potentialAction":[{"@type":"SearchAction","target":{"@type":"EntryPoint","urlTemplate":"https:\/\/jornalismo.ufsj.edu.br\/site\/?s={search_term_string}"},"query-input":"required name=search_term_string"}],"inLanguage":"pt-BR"},{"@type":"Person","@id":""}]}},"jetpack_featured_media_url":"","_links":{"self":[{"href":"http:\/\/jornalismo.ufsj.edu.br\/site\/wp-json\/wp\/v2\/posts\/1121"}],"collection":[{"href":"http:\/\/jornalismo.ufsj.edu.br\/site\/wp-json\/wp\/v2\/posts"}],"about":[{"href":"http:\/\/jornalismo.ufsj.edu.br\/site\/wp-json\/wp\/v2\/types\/post"}],"author":[{"embeddable":true,"href":"http:\/\/jornalismo.ufsj.edu.br\/site\/wp-json\/wp\/v2\/users\/3"}],"replies":[{"embeddable":true,"href":"http:\/\/jornalismo.ufsj.edu.br\/site\/wp-json\/wp\/v2\/comments?post=1121"}],"version-history":[{"count":0,"href":"http:\/\/jornalismo.ufsj.edu.br\/site\/wp-json\/wp\/v2\/posts\/1121\/revisions"}],"wp:attachment":[{"href":"http:\/\/jornalismo.ufsj.edu.br\/site\/wp-json\/wp\/v2\/media?parent=1121"}],"wp:term":[{"taxonomy":"category","embeddable":true,"href":"http:\/\/jornalismo.ufsj.edu.br\/site\/wp-json\/wp\/v2\/categories?post=1121"},{"taxonomy":"post_tag","embeddable":true,"href":"http:\/\/jornalismo.ufsj.edu.br\/site\/wp-json\/wp\/v2\/tags?post=1121"}],"curies":[{"name":"wp","href":"https:\/\/api.w.org\/{rel}","templated":true}]}}