{"id":1117,"date":"2013-04-17T18:57:00","date_gmt":"2013-04-17T18:57:00","guid":{"rendered":"http:\/\/jornalismo.ufsj.edu.br\/2013\/04\/17\/primeira-turma-de-jornalismo-da-ufsj-apresenta-defesas-de-tcc"},"modified":"2013-04-17T18:57:00","modified_gmt":"2013-04-17T18:57:00","slug":"primeira-turma-de-jornalismo-da-ufsj-apresenta-defesas-de-tcc","status":"publish","type":"post","link":"http:\/\/jornalismo.ufsj.edu.br\/site\/sem-categoria\/primeira-turma-de-jornalismo-da-ufsj-apresenta-defesas-de-tcc\/","title":{"rendered":"Primeira turma de Jornalismo da UFSJ apresenta defesas de TCC"},"content":{"rendered":"<div class=\"separator\" style=\"clear:both;text-align:center;\"><\/div>\n<div style=\"text-align:left;\"><\/div>\n<div style=\"text-align:left;\"><\/div>\n<div class=\"separator\" style=\"clear:both;text-align:center;\"><\/div>\n<div class=\"separator\" style=\"clear:both;text-align:center;\"><\/div>\n<div class=\"separator\" style=\"clear:both;text-align:center;\"><a href=\"https:\/\/jornalismou.files.wordpress.com\/2013\/04\/427f3-jorn01.jpg\" style=\"clear:left;float:left;margin-bottom:1em;margin-right:1em;\"><img loading=\"lazy\" border=\"0\" height=\"213\" src=\"https:\/\/jornalismou.files.wordpress.com\/2013\/04\/427f3-jorn01.jpg?w=300\" width=\"320\" \/><\/a><\/div>\n<p><span style=\"line-height:24px;\">Os formandos da primeira turma do curso de jornalismo da UFSJ come\u00e7am hoje (17\/04\/2013) a apresentar seus Trabalhos de Conclus\u00e3o de Curso. As defesas de monografias e demais produtos acad\u00eamicos v\u00e3o at\u00e9 a pr\u00f3xima quinta-feira, 25\/04, fechando o segundo semestre letivo de 2012. Confira a programa\u00e7\u00e3o completa <b><a href=\"http:\/\/d.pr\/i\/5bel\" target=\"_blank\">aqui<\/a><\/b>.<\/span><br \/><span style=\"line-height:24px;\"><br \/><\/span><span style=\"line-height:24px;\">J\u00e1 no primeiro dia de apresenta\u00e7\u00f5es, a aluna Ayalla Simone Nicolau leva at\u00e9 a banca sua monografia, orientada pelo professor Luiz Ademir de Oliveira. A apresenta\u00e7\u00e3o ser\u00e1 \u00e0s 16 horas e trata do tema <i>Moda para al\u00e9m da medida: a representa\u00e7\u00e3o do plus size no portal e na revista TPM em 2012<\/i>. \u201cApesar da ansiedade, estou me sentindo pronta. Preparei a apresenta\u00e7\u00e3o e ensaiei bastante para fazer o meu melhor\u201d, conta Ayalla.\u00a0<\/span><br \/><span style=\"line-height:24px;\"><br \/><\/span><span style=\"line-height:24px;\">N\u00e3o \u00e9 surpresa que a reta final do curso \u00e9 um per\u00edodo de inseguran\u00e7a para os alunos, mas o sentimento \u00e9 de dever cumprido. Ayalla conta que o momento gera muita inseguran\u00e7a, mas que tem confian\u00e7a no que conseguiu dentro do curso de jornalismo. \u201cEu ainda n\u00e3o sei bem o que vou fazer, mas tenho certeza de que os professores nos prepararam bem para encarar o mercado de trabalho. Agora \u00e9 persistir para encontrar o meu lugar e poder colocar em pr\u00e1tica os conhecimentos adquiridos nesses quatro anos de estudo\u201d, avalia a aluna.\u00a0<\/span><br \/><span style=\"line-height:24px;\"><br \/><\/span><span style=\"line-height:24px;\">Tamb\u00e9m da turma de 2009, \u00cdris Marinelli Pedini defende seu trabalho na quinta-feira, dia 18\/04. A aluna discorre sobre a inser\u00e7\u00e3o das imagens de c\u00e2meras de vigil\u00e2ncia na m\u00eddia televisiva, tendo como base a an\u00e1lise de programas como o Fant\u00e1stico, da Rede Globo. Para \u00cdris, o desafio da inseguran\u00e7a pode atrapalhar o desempenho do aluno em uma hora como essa, ent\u00e3o a prepara\u00e7\u00e3o, com muito ensaio, \u00e9 fundamental.\u00a0<\/span><br \/><span style=\"line-height:24px;\"><br \/><\/span><span style=\"line-height:24px;\">\u201cEstou treinando bastante para a apresenta\u00e7\u00e3o. Al\u00e9m de preparar o que vou falar e mostrar, tenho que estar pronta tamb\u00e9m para responder \u00e0s perguntas referentes \u00e0s falhas e ao m\u00e9ritos do trabalho\u201d, acrescenta. A aluna tamb\u00e9m chama aten\u00e7\u00e3o ao fato de que os alunos dos outros per\u00edodos est\u00e3o sendo estimulados a assistir as defesas. \u201cAcho importante participar para que os alunos j\u00e1 conhe\u00e7am o formato de apresenta\u00e7\u00f5es, o que facilita quando for a vez deles\u201d.<\/span><\/p>\n<div style=\"text-align:right;\"><span style=\"line-height:24px;\">Reda\u00e7\u00e3o: \u00a0Pedro D&#8217;Angelo<\/span><br \/><span style=\"line-height:24px;\"><b><a href=\"http:\/\/www.facebook.com\/pages\/Mosaico-Comunica%C3%A7%C3%A3o-Jr\/476324415722522\/\">Mosaico Comunica\u00e7\u00e3o Jr.<\/a><\/b>\u00a0<\/span><br \/><span style=\"line-height:24px;\">Edi\u00e7\u00e3o: Alessandra de Falco<\/span><\/div>\n","protected":false},"excerpt":{"rendered":"<p>Os formandos da primeira turma do curso de jornalismo da UFSJ come\u00e7am hoje (17\/04\/2013) a apresentar seus Trabalhos de Conclus\u00e3o de Curso. As defesas de monografias e demais produtos acad\u00eamicos v\u00e3o at\u00e9 a pr\u00f3xima quinta-feira, 25\/04, fechando o segundo semestre&#8230;<\/p>\n","protected":false},"author":3,"featured_media":0,"comment_status":"open","ping_status":"open","sticky":false,"template":"","format":"standard","meta":{"_monsterinsights_skip_tracking":false,"_monsterinsights_sitenote_active":false,"_monsterinsights_sitenote_note":"","_monsterinsights_sitenote_category":0},"categories":[70],"tags":[],"yoast_head":"<!-- This site is optimized with the Yoast SEO plugin v20.6 - https:\/\/yoast.com\/wordpress\/plugins\/seo\/ -->\n<title>Primeira turma de Jornalismo da UFSJ apresenta defesas de TCC - Jornalismo UFSJ<\/title>\n<meta name=\"robots\" content=\"index, follow, max-snippet:-1, max-image-preview:large, max-video-preview:-1\" \/>\n<link rel=\"canonical\" href=\"http:\/\/jornalismo.ufsj.edu.br\/site\/sem-categoria\/primeira-turma-de-jornalismo-da-ufsj-apresenta-defesas-de-tcc\/\" \/>\n<meta property=\"og:locale\" content=\"pt_BR\" \/>\n<meta property=\"og:type\" content=\"article\" \/>\n<meta property=\"og:title\" content=\"Primeira turma de Jornalismo da UFSJ apresenta defesas de TCC - Jornalismo UFSJ\" \/>\n<meta property=\"og:description\" content=\"Os formandos da primeira turma do curso de jornalismo da UFSJ come\u00e7am hoje (17\/04\/2013) a apresentar seus Trabalhos de Conclus\u00e3o de Curso. As defesas de monografias e demais produtos acad\u00eamicos v\u00e3o at\u00e9 a pr\u00f3xima quinta-feira, 25\/04, fechando o segundo semestre...\" \/>\n<meta property=\"og:url\" content=\"http:\/\/jornalismo.ufsj.edu.br\/site\/sem-categoria\/primeira-turma-de-jornalismo-da-ufsj-apresenta-defesas-de-tcc\/\" \/>\n<meta property=\"og:site_name\" content=\"Jornalismo UFSJ\" \/>\n<meta property=\"article:publisher\" content=\"https:\/\/www.facebook.com\/jornalismoufsj\/\" \/>\n<meta property=\"article:published_time\" content=\"2013-04-17T18:57:00+00:00\" \/>\n<meta property=\"og:image\" content=\"https:\/\/jornalismou.files.wordpress.com\/2013\/04\/427f3-jorn01.jpg?w=300\" \/>\n<meta name=\"twitter:card\" content=\"summary_large_image\" \/>\n<meta name=\"twitter:creator\" content=\"@jornalismoufsj\" \/>\n<meta name=\"twitter:site\" content=\"@jornalismoufsj\" \/>\n<meta name=\"twitter:label1\" content=\"Escrito por\" \/>\n\t<meta name=\"twitter:data1\" content=\"\" \/>\n\t<meta name=\"twitter:label2\" content=\"Est. tempo de leitura\" \/>\n\t<meta name=\"twitter:data2\" content=\"2 minutos\" \/>\n<script type=\"application\/ld+json\" class=\"yoast-schema-graph\">{\"@context\":\"https:\/\/schema.org\",\"@graph\":[{\"@type\":\"WebPage\",\"@id\":\"http:\/\/jornalismo.ufsj.edu.br\/site\/sem-categoria\/primeira-turma-de-jornalismo-da-ufsj-apresenta-defesas-de-tcc\/\",\"url\":\"http:\/\/jornalismo.ufsj.edu.br\/site\/sem-categoria\/primeira-turma-de-jornalismo-da-ufsj-apresenta-defesas-de-tcc\/\",\"name\":\"Primeira turma de Jornalismo da UFSJ apresenta defesas de TCC - Jornalismo UFSJ\",\"isPartOf\":{\"@id\":\"https:\/\/jornalismo.ufsj.edu.br\/site\/#website\"},\"datePublished\":\"2013-04-17T18:57:00+00:00\",\"dateModified\":\"2013-04-17T18:57:00+00:00\",\"author\":{\"@id\":\"\"},\"breadcrumb\":{\"@id\":\"http:\/\/jornalismo.ufsj.edu.br\/site\/sem-categoria\/primeira-turma-de-jornalismo-da-ufsj-apresenta-defesas-de-tcc\/#breadcrumb\"},\"inLanguage\":\"pt-BR\",\"potentialAction\":[{\"@type\":\"ReadAction\",\"target\":[\"http:\/\/jornalismo.ufsj.edu.br\/site\/sem-categoria\/primeira-turma-de-jornalismo-da-ufsj-apresenta-defesas-de-tcc\/\"]}]},{\"@type\":\"BreadcrumbList\",\"@id\":\"http:\/\/jornalismo.ufsj.edu.br\/site\/sem-categoria\/primeira-turma-de-jornalismo-da-ufsj-apresenta-defesas-de-tcc\/#breadcrumb\",\"itemListElement\":[{\"@type\":\"ListItem\",\"position\":1,\"name\":\"In\u00edcio\",\"item\":\"https:\/\/jornalismo.ufsj.edu.br\/site\/\"},{\"@type\":\"ListItem\",\"position\":2,\"name\":\"Primeira turma de Jornalismo da UFSJ apresenta defesas de TCC\"}]},{\"@type\":\"WebSite\",\"@id\":\"https:\/\/jornalismo.ufsj.edu.br\/site\/#website\",\"url\":\"https:\/\/jornalismo.ufsj.edu.br\/site\/\",\"name\":\"Jornalismo UFSJ\",\"description\":\"\",\"potentialAction\":[{\"@type\":\"SearchAction\",\"target\":{\"@type\":\"EntryPoint\",\"urlTemplate\":\"https:\/\/jornalismo.ufsj.edu.br\/site\/?s={search_term_string}\"},\"query-input\":\"required name=search_term_string\"}],\"inLanguage\":\"pt-BR\"},{\"@type\":\"Person\",\"@id\":\"\"}]}<\/script>\n<!-- \/ Yoast SEO plugin. -->","yoast_head_json":{"title":"Primeira turma de Jornalismo da UFSJ apresenta defesas de TCC - Jornalismo UFSJ","robots":{"index":"index","follow":"follow","max-snippet":"max-snippet:-1","max-image-preview":"max-image-preview:large","max-video-preview":"max-video-preview:-1"},"canonical":"http:\/\/jornalismo.ufsj.edu.br\/site\/sem-categoria\/primeira-turma-de-jornalismo-da-ufsj-apresenta-defesas-de-tcc\/","og_locale":"pt_BR","og_type":"article","og_title":"Primeira turma de Jornalismo da UFSJ apresenta defesas de TCC - Jornalismo UFSJ","og_description":"Os formandos da primeira turma do curso de jornalismo da UFSJ come\u00e7am hoje (17\/04\/2013) a apresentar seus Trabalhos de Conclus\u00e3o de Curso. As defesas de monografias e demais produtos acad\u00eamicos v\u00e3o at\u00e9 a pr\u00f3xima quinta-feira, 25\/04, fechando o segundo semestre...","og_url":"http:\/\/jornalismo.ufsj.edu.br\/site\/sem-categoria\/primeira-turma-de-jornalismo-da-ufsj-apresenta-defesas-de-tcc\/","og_site_name":"Jornalismo UFSJ","article_publisher":"https:\/\/www.facebook.com\/jornalismoufsj\/","article_published_time":"2013-04-17T18:57:00+00:00","og_image":[{"url":"https:\/\/jornalismou.files.wordpress.com\/2013\/04\/427f3-jorn01.jpg?w=300"}],"twitter_card":"summary_large_image","twitter_creator":"@jornalismoufsj","twitter_site":"@jornalismoufsj","twitter_misc":{"Escrito por":"","Est. tempo de leitura":"2 minutos"},"schema":{"@context":"https:\/\/schema.org","@graph":[{"@type":"WebPage","@id":"http:\/\/jornalismo.ufsj.edu.br\/site\/sem-categoria\/primeira-turma-de-jornalismo-da-ufsj-apresenta-defesas-de-tcc\/","url":"http:\/\/jornalismo.ufsj.edu.br\/site\/sem-categoria\/primeira-turma-de-jornalismo-da-ufsj-apresenta-defesas-de-tcc\/","name":"Primeira turma de Jornalismo da UFSJ apresenta defesas de TCC - Jornalismo UFSJ","isPartOf":{"@id":"https:\/\/jornalismo.ufsj.edu.br\/site\/#website"},"datePublished":"2013-04-17T18:57:00+00:00","dateModified":"2013-04-17T18:57:00+00:00","author":{"@id":""},"breadcrumb":{"@id":"http:\/\/jornalismo.ufsj.edu.br\/site\/sem-categoria\/primeira-turma-de-jornalismo-da-ufsj-apresenta-defesas-de-tcc\/#breadcrumb"},"inLanguage":"pt-BR","potentialAction":[{"@type":"ReadAction","target":["http:\/\/jornalismo.ufsj.edu.br\/site\/sem-categoria\/primeira-turma-de-jornalismo-da-ufsj-apresenta-defesas-de-tcc\/"]}]},{"@type":"BreadcrumbList","@id":"http:\/\/jornalismo.ufsj.edu.br\/site\/sem-categoria\/primeira-turma-de-jornalismo-da-ufsj-apresenta-defesas-de-tcc\/#breadcrumb","itemListElement":[{"@type":"ListItem","position":1,"name":"In\u00edcio","item":"https:\/\/jornalismo.ufsj.edu.br\/site\/"},{"@type":"ListItem","position":2,"name":"Primeira turma de Jornalismo da UFSJ apresenta defesas de TCC"}]},{"@type":"WebSite","@id":"https:\/\/jornalismo.ufsj.edu.br\/site\/#website","url":"https:\/\/jornalismo.ufsj.edu.br\/site\/","name":"Jornalismo UFSJ","description":"","potentialAction":[{"@type":"SearchAction","target":{"@type":"EntryPoint","urlTemplate":"https:\/\/jornalismo.ufsj.edu.br\/site\/?s={search_term_string}"},"query-input":"required name=search_term_string"}],"inLanguage":"pt-BR"},{"@type":"Person","@id":""}]}},"jetpack_featured_media_url":"","_links":{"self":[{"href":"http:\/\/jornalismo.ufsj.edu.br\/site\/wp-json\/wp\/v2\/posts\/1117"}],"collection":[{"href":"http:\/\/jornalismo.ufsj.edu.br\/site\/wp-json\/wp\/v2\/posts"}],"about":[{"href":"http:\/\/jornalismo.ufsj.edu.br\/site\/wp-json\/wp\/v2\/types\/post"}],"author":[{"embeddable":true,"href":"http:\/\/jornalismo.ufsj.edu.br\/site\/wp-json\/wp\/v2\/users\/3"}],"replies":[{"embeddable":true,"href":"http:\/\/jornalismo.ufsj.edu.br\/site\/wp-json\/wp\/v2\/comments?post=1117"}],"version-history":[{"count":0,"href":"http:\/\/jornalismo.ufsj.edu.br\/site\/wp-json\/wp\/v2\/posts\/1117\/revisions"}],"wp:attachment":[{"href":"http:\/\/jornalismo.ufsj.edu.br\/site\/wp-json\/wp\/v2\/media?parent=1117"}],"wp:term":[{"taxonomy":"category","embeddable":true,"href":"http:\/\/jornalismo.ufsj.edu.br\/site\/wp-json\/wp\/v2\/categories?post=1117"},{"taxonomy":"post_tag","embeddable":true,"href":"http:\/\/jornalismo.ufsj.edu.br\/site\/wp-json\/wp\/v2\/tags?post=1117"}],"curies":[{"name":"wp","href":"https:\/\/api.w.org\/{rel}","templated":true}]}}