{"id":1116,"date":"2013-04-24T19:04:00","date_gmt":"2013-04-24T19:04:00","guid":{"rendered":"http:\/\/jornalismo.ufsj.edu.br\/2013\/04\/24\/alunos-de-jornalismo-produzem-mais-de-20-revistas-digitais"},"modified":"2013-04-24T19:04:00","modified_gmt":"2013-04-24T19:04:00","slug":"alunos-de-jornalismo-produzem-mais-de-20-revistas-digitais","status":"publish","type":"post","link":"http:\/\/jornalismo.ufsj.edu.br\/site\/sem-categoria\/alunos-de-jornalismo-produzem-mais-de-20-revistas-digitais\/","title":{"rendered":"Alunos de Jornalismo produzem mais de 20 revistas digitais"},"content":{"rendered":"<div class=\"separator\" style=\"clear:both;text-align:center;\"><\/div>\n<div style=\"text-align:left;\"><\/div>\n<div style=\"text-align:left;\"><\/div>\n<div class=\"separator\" style=\"clear:both;text-align:center;\"><\/div>\n<div class=\"separator\" style=\"clear:both;text-align:center;\"><\/div>\n<div class=\"separator\" style=\"clear:both;text-align:center;\"><\/div>\n<div class=\"separator\" style=\"clear:both;text-align:center;\"><a href=\"https:\/\/jornalismou.files.wordpress.com\/2013\/04\/7c517-pvg.jpg\" style=\"clear:right;float:right;margin-bottom:1em;margin-left:1em;\"><img loading=\"lazy\" border=\"0\" height=\"179\" src=\"https:\/\/jornalismou.files.wordpress.com\/2013\/04\/7c517-pvg.jpg?w=300\" width=\"320\" \/><\/a><\/div>\n<p><span style=\"line-height:24px;\">Alunos do 2\u00ba e 4\u00ba per\u00edodo de Comunica\u00e7\u00e3o Social \u2013 Jornalismo, juntamente com os de Arquitetura produziram\u00a0<\/span><span style=\"line-height:24px;\">revistas digitais\u00a0<\/span><span style=\"line-height:24px;\">sobre diversos assuntos, como futebol, moda e arte,\u00a0<\/span><span style=\"line-height:24px;\">durante a disciplina Planejamento Visual-Gr\u00e1fico<\/span><span style=\"line-height:24px;\">.\u00a0<\/span><br \/><span style=\"line-height:24px;\"><br \/><\/span><span style=\"line-height:24px;\">O objetivo primordial da disciplina era trabalhar com as estrat\u00e9gias e recursos que podem ser utilizados na diagrama\u00e7\u00e3o e na editora\u00e7\u00e3o eletr\u00f4nica de ve\u00edculos de comunica\u00e7\u00e3o jornal\u00edsticos.\u00a0<\/span><br \/><span style=\"line-height:24px;\"><br \/><\/span><span style=\"line-height:24px;\">Para a aluna de Comunica\u00e7\u00e3o Social, Isadora Silva, envolvida na cria\u00e7\u00e3o da revista Inspire, o maior ganho com o projeto foi a experi\u00eancia. \u201cNa produ\u00e7\u00e3o dessa revista fizemos um pouco de tudo: Diagramamos, escrevemos, fotografamos e fomos modelos. Cada detalhe teve um pouco de cada uma das pessoas do grupo e isso fez com que us\u00e1ssemos toda a experi\u00eancia e aprendizado que adquirimos durante o curso\u201d explica Isadora.\u00a0<\/span><br \/><span style=\"line-height:24px;\"><br \/><\/span><span style=\"line-height:24px;\">O aluno Ricardo Rios, um dos respons\u00e1veis pela revista digITAL Copa, lembra que j\u00e1 tinham tido a experi\u00eancia em edi\u00e7\u00e3o e cria\u00e7\u00e3o de revistas. \u201cJ\u00e1 tinha feito uma para a mat\u00e9ria de Fotojornalismo, no 3\u00ba per\u00edodo. Por\u00e9m, desta vez, o grupo e eu pudemos aplicar &#8211; com muito mais facilidade &#8211; os conhecimentos adquiridos em aula\u201d afirma o estudante.\u00a0<\/span><br \/><span style=\"line-height:24px;\"><br \/><\/span><span style=\"line-height:24px;\">A professora de Jornalismo, Alessandra de Falco, coordenadora das produ\u00e7\u00f5es juntamente com o t\u00e9cnico Marcius Barcelos, conta que a op\u00e7\u00e3o pela vers\u00e3o digital visa ampliar a divulga\u00e7\u00e3o de um trabalho que ainda \u00e9 experimental,\u00a0<\/span><span style=\"line-height:24px;\">por ser de estudantes, mas que j\u00e1 revela\u00a0<\/span><span style=\"line-height:24px;\">um resultado profissional.\u00a0<\/span><span style=\"line-height:24px;\">\u201cO mais importante \u00e9 saber que os alunos se interessaram mais pelo curso de Jornalismo, quando conseguiram perceber que poderiam aplicar teorias aprendidas na execu\u00e7\u00e3o de um produto jornal\u00edstico\u201d, diz a professora.<\/span><br \/><span style=\"line-height:24px;\"><br \/><\/span><span style=\"line-height:24px;\">Confira as revistas:<\/span><br \/><a href=\"http:\/\/static.issuu.com\/widgets\/shelf\/index.html?folderId=ab1ff5a4-8416-4161-a258-7361898dedbd&#038;theme=theme1&#038;rows=1&#038;thumbSize=medium&#038;roundedCorners=false&#038;showTitle=true&#038;showAuthor=true&#038;shadow=true&#038;effect3d=true\">http:\/\/static.issuu.com\/widgets\/shelf\/index.html?folderId=ab1ff5a4-8416-4161-a258-7361898dedbd&#038;theme=theme1&#038;rows=1&#038;thumbSize=medium&#038;roundedCorners=false&#038;showTitle=true&#038;showAuthor=true&#038;shadow=true&#038;effect3d=true<\/a> <\/p>\n<div style=\"text-align:right;\"><span style=\"line-height:24px;\"><br \/><\/span><span style=\"line-height:24px;\">Reda\u00e7\u00e3o: \u00a0Marina Tar\u00f4co<\/span><br \/><span style=\"line-height:24px;\"><b><a href=\"http:\/\/www.facebook.com\/pages\/Mosaico-Comunica%C3%A7%C3%A3o-Jr\/476324415722522\/\">Mosaico Comunica\u00e7\u00e3o Jr.<\/a><\/b>\u00a0<\/span><br \/><span style=\"line-height:24px;\">Edi\u00e7\u00e3o: Alessandra de Falco<\/span><\/div>\n","protected":false},"excerpt":{"rendered":"<p>Alunos do 2\u00ba e 4\u00ba per\u00edodo de Comunica\u00e7\u00e3o Social \u2013 Jornalismo, juntamente com os de Arquitetura produziram\u00a0revistas digitais\u00a0sobre diversos assuntos, como futebol, moda e arte,\u00a0durante a disciplina Planejamento Visual-Gr\u00e1fico.\u00a0O objetivo primordial da disciplina era trabalhar com as estrat\u00e9gias e recursos&#8230;<\/p>\n","protected":false},"author":3,"featured_media":0,"comment_status":"open","ping_status":"open","sticky":false,"template":"","format":"standard","meta":{"_monsterinsights_skip_tracking":false,"_monsterinsights_sitenote_active":false,"_monsterinsights_sitenote_note":"","_monsterinsights_sitenote_category":0},"categories":[70],"tags":[],"yoast_head":"<!-- This site is optimized with the Yoast SEO plugin v20.6 - https:\/\/yoast.com\/wordpress\/plugins\/seo\/ -->\n<title>Alunos de Jornalismo produzem mais de 20 revistas digitais - Jornalismo UFSJ<\/title>\n<meta name=\"robots\" content=\"index, follow, max-snippet:-1, max-image-preview:large, max-video-preview:-1\" \/>\n<link rel=\"canonical\" href=\"http:\/\/jornalismo.ufsj.edu.br\/site\/sem-categoria\/alunos-de-jornalismo-produzem-mais-de-20-revistas-digitais\/\" \/>\n<meta property=\"og:locale\" content=\"pt_BR\" \/>\n<meta property=\"og:type\" content=\"article\" \/>\n<meta property=\"og:title\" content=\"Alunos de Jornalismo produzem mais de 20 revistas digitais - Jornalismo UFSJ\" \/>\n<meta property=\"og:description\" content=\"Alunos do 2\u00ba e 4\u00ba per\u00edodo de Comunica\u00e7\u00e3o Social \u2013 Jornalismo, juntamente com os de Arquitetura produziram\u00a0revistas digitais\u00a0sobre diversos assuntos, como futebol, moda e arte,\u00a0durante a disciplina Planejamento Visual-Gr\u00e1fico.\u00a0O objetivo primordial da disciplina era trabalhar com as estrat\u00e9gias e recursos...\" \/>\n<meta property=\"og:url\" content=\"http:\/\/jornalismo.ufsj.edu.br\/site\/sem-categoria\/alunos-de-jornalismo-produzem-mais-de-20-revistas-digitais\/\" \/>\n<meta property=\"og:site_name\" content=\"Jornalismo UFSJ\" \/>\n<meta property=\"article:publisher\" content=\"https:\/\/www.facebook.com\/jornalismoufsj\/\" \/>\n<meta property=\"article:published_time\" content=\"2013-04-24T19:04:00+00:00\" \/>\n<meta property=\"og:image\" content=\"https:\/\/jornalismou.files.wordpress.com\/2013\/04\/7c517-pvg.jpg?w=300\" \/>\n<meta name=\"twitter:card\" content=\"summary_large_image\" \/>\n<meta name=\"twitter:creator\" content=\"@jornalismoufsj\" \/>\n<meta name=\"twitter:site\" content=\"@jornalismoufsj\" \/>\n<meta name=\"twitter:label1\" content=\"Escrito por\" \/>\n\t<meta name=\"twitter:data1\" content=\"\" \/>\n\t<meta name=\"twitter:label2\" content=\"Est. tempo de leitura\" \/>\n\t<meta name=\"twitter:data2\" content=\"2 minutos\" \/>\n<script type=\"application\/ld+json\" class=\"yoast-schema-graph\">{\"@context\":\"https:\/\/schema.org\",\"@graph\":[{\"@type\":\"WebPage\",\"@id\":\"http:\/\/jornalismo.ufsj.edu.br\/site\/sem-categoria\/alunos-de-jornalismo-produzem-mais-de-20-revistas-digitais\/\",\"url\":\"http:\/\/jornalismo.ufsj.edu.br\/site\/sem-categoria\/alunos-de-jornalismo-produzem-mais-de-20-revistas-digitais\/\",\"name\":\"Alunos de Jornalismo produzem mais de 20 revistas digitais - Jornalismo UFSJ\",\"isPartOf\":{\"@id\":\"https:\/\/jornalismo.ufsj.edu.br\/site\/#website\"},\"datePublished\":\"2013-04-24T19:04:00+00:00\",\"dateModified\":\"2013-04-24T19:04:00+00:00\",\"author\":{\"@id\":\"\"},\"breadcrumb\":{\"@id\":\"http:\/\/jornalismo.ufsj.edu.br\/site\/sem-categoria\/alunos-de-jornalismo-produzem-mais-de-20-revistas-digitais\/#breadcrumb\"},\"inLanguage\":\"pt-BR\",\"potentialAction\":[{\"@type\":\"ReadAction\",\"target\":[\"http:\/\/jornalismo.ufsj.edu.br\/site\/sem-categoria\/alunos-de-jornalismo-produzem-mais-de-20-revistas-digitais\/\"]}]},{\"@type\":\"BreadcrumbList\",\"@id\":\"http:\/\/jornalismo.ufsj.edu.br\/site\/sem-categoria\/alunos-de-jornalismo-produzem-mais-de-20-revistas-digitais\/#breadcrumb\",\"itemListElement\":[{\"@type\":\"ListItem\",\"position\":1,\"name\":\"In\u00edcio\",\"item\":\"https:\/\/jornalismo.ufsj.edu.br\/site\/\"},{\"@type\":\"ListItem\",\"position\":2,\"name\":\"Alunos de Jornalismo produzem mais de 20 revistas digitais\"}]},{\"@type\":\"WebSite\",\"@id\":\"https:\/\/jornalismo.ufsj.edu.br\/site\/#website\",\"url\":\"https:\/\/jornalismo.ufsj.edu.br\/site\/\",\"name\":\"Jornalismo UFSJ\",\"description\":\"\",\"potentialAction\":[{\"@type\":\"SearchAction\",\"target\":{\"@type\":\"EntryPoint\",\"urlTemplate\":\"https:\/\/jornalismo.ufsj.edu.br\/site\/?s={search_term_string}\"},\"query-input\":\"required name=search_term_string\"}],\"inLanguage\":\"pt-BR\"},{\"@type\":\"Person\",\"@id\":\"\"}]}<\/script>\n<!-- \/ Yoast SEO plugin. -->","yoast_head_json":{"title":"Alunos de Jornalismo produzem mais de 20 revistas digitais - Jornalismo UFSJ","robots":{"index":"index","follow":"follow","max-snippet":"max-snippet:-1","max-image-preview":"max-image-preview:large","max-video-preview":"max-video-preview:-1"},"canonical":"http:\/\/jornalismo.ufsj.edu.br\/site\/sem-categoria\/alunos-de-jornalismo-produzem-mais-de-20-revistas-digitais\/","og_locale":"pt_BR","og_type":"article","og_title":"Alunos de Jornalismo produzem mais de 20 revistas digitais - Jornalismo UFSJ","og_description":"Alunos do 2\u00ba e 4\u00ba per\u00edodo de Comunica\u00e7\u00e3o Social \u2013 Jornalismo, juntamente com os de Arquitetura produziram\u00a0revistas digitais\u00a0sobre diversos assuntos, como futebol, moda e arte,\u00a0durante a disciplina Planejamento Visual-Gr\u00e1fico.\u00a0O objetivo primordial da disciplina era trabalhar com as estrat\u00e9gias e recursos...","og_url":"http:\/\/jornalismo.ufsj.edu.br\/site\/sem-categoria\/alunos-de-jornalismo-produzem-mais-de-20-revistas-digitais\/","og_site_name":"Jornalismo UFSJ","article_publisher":"https:\/\/www.facebook.com\/jornalismoufsj\/","article_published_time":"2013-04-24T19:04:00+00:00","og_image":[{"url":"https:\/\/jornalismou.files.wordpress.com\/2013\/04\/7c517-pvg.jpg?w=300"}],"twitter_card":"summary_large_image","twitter_creator":"@jornalismoufsj","twitter_site":"@jornalismoufsj","twitter_misc":{"Escrito por":"","Est. tempo de leitura":"2 minutos"},"schema":{"@context":"https:\/\/schema.org","@graph":[{"@type":"WebPage","@id":"http:\/\/jornalismo.ufsj.edu.br\/site\/sem-categoria\/alunos-de-jornalismo-produzem-mais-de-20-revistas-digitais\/","url":"http:\/\/jornalismo.ufsj.edu.br\/site\/sem-categoria\/alunos-de-jornalismo-produzem-mais-de-20-revistas-digitais\/","name":"Alunos de Jornalismo produzem mais de 20 revistas digitais - Jornalismo UFSJ","isPartOf":{"@id":"https:\/\/jornalismo.ufsj.edu.br\/site\/#website"},"datePublished":"2013-04-24T19:04:00+00:00","dateModified":"2013-04-24T19:04:00+00:00","author":{"@id":""},"breadcrumb":{"@id":"http:\/\/jornalismo.ufsj.edu.br\/site\/sem-categoria\/alunos-de-jornalismo-produzem-mais-de-20-revistas-digitais\/#breadcrumb"},"inLanguage":"pt-BR","potentialAction":[{"@type":"ReadAction","target":["http:\/\/jornalismo.ufsj.edu.br\/site\/sem-categoria\/alunos-de-jornalismo-produzem-mais-de-20-revistas-digitais\/"]}]},{"@type":"BreadcrumbList","@id":"http:\/\/jornalismo.ufsj.edu.br\/site\/sem-categoria\/alunos-de-jornalismo-produzem-mais-de-20-revistas-digitais\/#breadcrumb","itemListElement":[{"@type":"ListItem","position":1,"name":"In\u00edcio","item":"https:\/\/jornalismo.ufsj.edu.br\/site\/"},{"@type":"ListItem","position":2,"name":"Alunos de Jornalismo produzem mais de 20 revistas digitais"}]},{"@type":"WebSite","@id":"https:\/\/jornalismo.ufsj.edu.br\/site\/#website","url":"https:\/\/jornalismo.ufsj.edu.br\/site\/","name":"Jornalismo UFSJ","description":"","potentialAction":[{"@type":"SearchAction","target":{"@type":"EntryPoint","urlTemplate":"https:\/\/jornalismo.ufsj.edu.br\/site\/?s={search_term_string}"},"query-input":"required name=search_term_string"}],"inLanguage":"pt-BR"},{"@type":"Person","@id":""}]}},"jetpack_featured_media_url":"","_links":{"self":[{"href":"http:\/\/jornalismo.ufsj.edu.br\/site\/wp-json\/wp\/v2\/posts\/1116"}],"collection":[{"href":"http:\/\/jornalismo.ufsj.edu.br\/site\/wp-json\/wp\/v2\/posts"}],"about":[{"href":"http:\/\/jornalismo.ufsj.edu.br\/site\/wp-json\/wp\/v2\/types\/post"}],"author":[{"embeddable":true,"href":"http:\/\/jornalismo.ufsj.edu.br\/site\/wp-json\/wp\/v2\/users\/3"}],"replies":[{"embeddable":true,"href":"http:\/\/jornalismo.ufsj.edu.br\/site\/wp-json\/wp\/v2\/comments?post=1116"}],"version-history":[{"count":0,"href":"http:\/\/jornalismo.ufsj.edu.br\/site\/wp-json\/wp\/v2\/posts\/1116\/revisions"}],"wp:attachment":[{"href":"http:\/\/jornalismo.ufsj.edu.br\/site\/wp-json\/wp\/v2\/media?parent=1116"}],"wp:term":[{"taxonomy":"category","embeddable":true,"href":"http:\/\/jornalismo.ufsj.edu.br\/site\/wp-json\/wp\/v2\/categories?post=1116"},{"taxonomy":"post_tag","embeddable":true,"href":"http:\/\/jornalismo.ufsj.edu.br\/site\/wp-json\/wp\/v2\/tags?post=1116"}],"curies":[{"name":"wp","href":"https:\/\/api.w.org\/{rel}","templated":true}]}}