{"id":1115,"date":"2013-05-07T19:35:00","date_gmt":"2013-05-07T19:35:00","guid":{"rendered":"http:\/\/jornalismo.ufsj.edu.br\/2013\/05\/07\/curso-de-jornalismo-recebe-equipamentos-para-laboratorio-de-tv"},"modified":"2013-05-07T19:35:00","modified_gmt":"2013-05-07T19:35:00","slug":"curso-de-jornalismo-recebe-equipamentos-para-laboratorio-de-tv","status":"publish","type":"post","link":"http:\/\/jornalismo.ufsj.edu.br\/site\/sem-categoria\/curso-de-jornalismo-recebe-equipamentos-para-laboratorio-de-tv\/","title":{"rendered":"Curso de Jornalismo recebe equipamentos para Laborat\u00f3rio de TV"},"content":{"rendered":"<div class=\"separator\" style=\"clear:both;text-align:center;\"><\/div>\n<p><a href=\"https:\/\/jornalismou.files.wordpress.com\/2013\/05\/279e7-913125_605908566087230_78054590_n.jpg\" style=\"clear:right;float:right;margin-bottom:1em;margin-left:1em;\"><img loading=\"lazy\" border=\"0\" height=\"214\" src=\"https:\/\/jornalismou.files.wordpress.com\/2013\/05\/279e7-913125_605908566087230_78054590_n.jpg?w=300\" width=\"320\" \/><\/a><span style=\"color:#333333;font-size:10pt;line-height:115%;\">No \u00faltimo dia 30, o curso de Jornalismo da UFSJ recebeu 54 itens novos para equipar o laborat\u00f3rio de Telejornalismo e Document\u00e1rio para TV. A aquisi\u00e7\u00e3o foi feita por meio de um preg\u00e3o eletr\u00f4nico, direcionado para empresas cadastradas no <a href=\"http:\/\/www.comprasnet.gov.br\/\" target=\"_blank\">site<\/a> do governo. A descri\u00e7\u00e3o de todas as pe\u00e7as adquiridas pode ser consultada <a href=\"http:\/\/www.ufsj.edu.br\/portal2-repositorio\/File\/dimap\/Pregoes%20Eletronicos%202012\/PREGAO_138_2012_EQUIP_COM_SOCIAL.pdf\" target=\"_blank\">neste link<\/a>.<\/span><span style=\"color:#333333;font-size:10pt;line-height:115%;text-indent:35.4pt;\">\u00a0<\/span><\/p>\n<p><span style=\"color:#333333;font-size:10pt;line-height:115%;text-indent:35.4pt;\">Quem est\u00e1 \u00e0 frente da iniciativa de montar o novo espa\u00e7o s\u00e3o os t\u00e9cnicos Marcius Barcelos, do laborat\u00f3rio de fotografia e o t\u00e9cnico do laborat\u00f3rio de r\u00e1dio, Bruno Caputo. \u201cTemos isso como uma primeira etapa, ainda h\u00e1 muito pra tornar [o laborat\u00f3rio] equipado, mas j\u00e1 considero isso mais que um avan\u00e7o para o curso. Daqui para frente vejo que o audiovisual pode se tornar o forte de nosso curso, em especial o document\u00e1rio\u201d, avalia Marcius.<\/span><span style=\"color:#333333;font-size:10pt;line-height:115%;\">\u00a0<\/span><\/p>\n<p><span style=\"color:#333333;font-size:10pt;line-height:115%;\">O laborat\u00f3rio est\u00e1 sendo montado e equipado com alto n\u00edvel de tecnologia, o que garante uma forma\u00e7\u00e3o de qualidade para os alunos. \u201cPor estarmos montando com equipamentos de \u00faltima gera\u00e7\u00e3o o aluno \u00e9 o que mais ter\u00e1 retorno, pois o planejamento \u00e9 para que tenhamos uma realidade mais pr\u00f3xima poss\u00edvel da realidade de mercado que nossos alunos ter\u00e3o depois de formados\u201d, afirma o t\u00e9cnico.\u00a0<\/span><\/p>\n<p><span style=\"color:#333333;font-size:10pt;line-height:115%;\">Junto ao material que j\u00e1 chegou, foram requeridos tamb\u00e9m equipamentos para os laborat\u00f3rios de R\u00e1dio e Fotografia, por\u00e9m o preg\u00e3o ainda n\u00e3o foi respondido. \u201cO processo de requerimento \u00e9 muito complicado e demorado. Al\u00e9m dos equipamentos que ainda n\u00e3o recebemos devemos fazer um novo pedido pra adquirir o que ficou pra tr\u00e1s e \u00e9 necess\u00e1rio pra tornar o laborat\u00f3rio completo\u201d acrescenta Marcius.<\/span><\/p>\n<div style=\"line-height:115%;margin:0;\"><\/p>\n<div class=\"MsoNoSpacing\" style=\"line-height:115%;\"><\/div>\n<div class=\"MsoNormal\" style=\"margin-bottom:.0001pt;margin-bottom:0;\"><span lang=\"PT-BR\" style=\"background-color:#efefef;font-size:10pt;line-height:115%;\"><\/span><span lang=\"PT-BR\" style=\"font-size:10pt;line-height:115%;\"><\/span><\/div>\n<p><\/p>\n<div style=\"text-align:right;\">Reda\u00e7\u00e3o: Rhafaela Resende<\/div>\n<div style=\"text-align:right;\"><\/div>\n<div style=\"text-align:right;\"><a href=\"https:\/\/www.facebook.com\/mosaicocomunicacaojr\" target=\"_blank\">Mosaico Comunica\u00e7\u00e3o Jr.<\/a><\/div>\n<div style=\"text-align:right;\"><\/div>\n<div style=\"text-align:right;\">Edi\u00e7\u00e3o: Pedro D&#8217;Angelo<\/div>\n<\/div>\n","protected":false},"excerpt":{"rendered":"<p>No \u00faltimo dia 30, o curso de Jornalismo da UFSJ recebeu 54 itens novos para equipar o laborat\u00f3rio de Telejornalismo e Document\u00e1rio para TV. A aquisi\u00e7\u00e3o foi feita por meio de um preg\u00e3o eletr\u00f4nico, direcionado para empresas cadastradas no site&#8230;<\/p>\n","protected":false},"author":3,"featured_media":0,"comment_status":"open","ping_status":"open","sticky":false,"template":"","format":"standard","meta":{"_monsterinsights_skip_tracking":false,"_monsterinsights_sitenote_active":false,"_monsterinsights_sitenote_note":"","_monsterinsights_sitenote_category":0},"categories":[70],"tags":[],"yoast_head":"<!-- This site is optimized with the Yoast SEO plugin v20.6 - https:\/\/yoast.com\/wordpress\/plugins\/seo\/ -->\n<title>Curso de Jornalismo recebe equipamentos para Laborat\u00f3rio de TV - Jornalismo UFSJ<\/title>\n<meta name=\"robots\" content=\"index, follow, max-snippet:-1, max-image-preview:large, max-video-preview:-1\" \/>\n<link rel=\"canonical\" href=\"http:\/\/jornalismo.ufsj.edu.br\/site\/sem-categoria\/curso-de-jornalismo-recebe-equipamentos-para-laboratorio-de-tv\/\" \/>\n<meta property=\"og:locale\" content=\"pt_BR\" \/>\n<meta property=\"og:type\" content=\"article\" \/>\n<meta property=\"og:title\" content=\"Curso de Jornalismo recebe equipamentos para Laborat\u00f3rio de TV - Jornalismo UFSJ\" \/>\n<meta property=\"og:description\" content=\"No \u00faltimo dia 30, o curso de Jornalismo da UFSJ recebeu 54 itens novos para equipar o laborat\u00f3rio de Telejornalismo e Document\u00e1rio para TV. A aquisi\u00e7\u00e3o foi feita por meio de um preg\u00e3o eletr\u00f4nico, direcionado para empresas cadastradas no site...\" \/>\n<meta property=\"og:url\" content=\"http:\/\/jornalismo.ufsj.edu.br\/site\/sem-categoria\/curso-de-jornalismo-recebe-equipamentos-para-laboratorio-de-tv\/\" \/>\n<meta property=\"og:site_name\" content=\"Jornalismo UFSJ\" \/>\n<meta property=\"article:publisher\" content=\"https:\/\/www.facebook.com\/jornalismoufsj\/\" \/>\n<meta property=\"article:published_time\" content=\"2013-05-07T19:35:00+00:00\" \/>\n<meta property=\"og:image\" content=\"https:\/\/jornalismou.files.wordpress.com\/2013\/05\/279e7-913125_605908566087230_78054590_n.jpg?w=300\" \/>\n<meta name=\"twitter:card\" content=\"summary_large_image\" \/>\n<meta name=\"twitter:creator\" content=\"@jornalismoufsj\" \/>\n<meta name=\"twitter:site\" content=\"@jornalismoufsj\" \/>\n<meta name=\"twitter:label1\" content=\"Escrito por\" \/>\n\t<meta name=\"twitter:data1\" content=\"\" \/>\n\t<meta name=\"twitter:label2\" content=\"Est. tempo de leitura\" \/>\n\t<meta name=\"twitter:data2\" content=\"1 minuto\" \/>\n<script type=\"application\/ld+json\" class=\"yoast-schema-graph\">{\"@context\":\"https:\/\/schema.org\",\"@graph\":[{\"@type\":\"WebPage\",\"@id\":\"http:\/\/jornalismo.ufsj.edu.br\/site\/sem-categoria\/curso-de-jornalismo-recebe-equipamentos-para-laboratorio-de-tv\/\",\"url\":\"http:\/\/jornalismo.ufsj.edu.br\/site\/sem-categoria\/curso-de-jornalismo-recebe-equipamentos-para-laboratorio-de-tv\/\",\"name\":\"Curso de Jornalismo recebe equipamentos para Laborat\u00f3rio de TV - Jornalismo UFSJ\",\"isPartOf\":{\"@id\":\"https:\/\/jornalismo.ufsj.edu.br\/site\/#website\"},\"datePublished\":\"2013-05-07T19:35:00+00:00\",\"dateModified\":\"2013-05-07T19:35:00+00:00\",\"author\":{\"@id\":\"\"},\"breadcrumb\":{\"@id\":\"http:\/\/jornalismo.ufsj.edu.br\/site\/sem-categoria\/curso-de-jornalismo-recebe-equipamentos-para-laboratorio-de-tv\/#breadcrumb\"},\"inLanguage\":\"pt-BR\",\"potentialAction\":[{\"@type\":\"ReadAction\",\"target\":[\"http:\/\/jornalismo.ufsj.edu.br\/site\/sem-categoria\/curso-de-jornalismo-recebe-equipamentos-para-laboratorio-de-tv\/\"]}]},{\"@type\":\"BreadcrumbList\",\"@id\":\"http:\/\/jornalismo.ufsj.edu.br\/site\/sem-categoria\/curso-de-jornalismo-recebe-equipamentos-para-laboratorio-de-tv\/#breadcrumb\",\"itemListElement\":[{\"@type\":\"ListItem\",\"position\":1,\"name\":\"In\u00edcio\",\"item\":\"https:\/\/jornalismo.ufsj.edu.br\/site\/\"},{\"@type\":\"ListItem\",\"position\":2,\"name\":\"Curso de Jornalismo recebe equipamentos para Laborat\u00f3rio de TV\"}]},{\"@type\":\"WebSite\",\"@id\":\"https:\/\/jornalismo.ufsj.edu.br\/site\/#website\",\"url\":\"https:\/\/jornalismo.ufsj.edu.br\/site\/\",\"name\":\"Jornalismo UFSJ\",\"description\":\"\",\"potentialAction\":[{\"@type\":\"SearchAction\",\"target\":{\"@type\":\"EntryPoint\",\"urlTemplate\":\"https:\/\/jornalismo.ufsj.edu.br\/site\/?s={search_term_string}\"},\"query-input\":\"required name=search_term_string\"}],\"inLanguage\":\"pt-BR\"},{\"@type\":\"Person\",\"@id\":\"\"}]}<\/script>\n<!-- \/ Yoast SEO plugin. -->","yoast_head_json":{"title":"Curso de Jornalismo recebe equipamentos para Laborat\u00f3rio de TV - Jornalismo UFSJ","robots":{"index":"index","follow":"follow","max-snippet":"max-snippet:-1","max-image-preview":"max-image-preview:large","max-video-preview":"max-video-preview:-1"},"canonical":"http:\/\/jornalismo.ufsj.edu.br\/site\/sem-categoria\/curso-de-jornalismo-recebe-equipamentos-para-laboratorio-de-tv\/","og_locale":"pt_BR","og_type":"article","og_title":"Curso de Jornalismo recebe equipamentos para Laborat\u00f3rio de TV - Jornalismo UFSJ","og_description":"No \u00faltimo dia 30, o curso de Jornalismo da UFSJ recebeu 54 itens novos para equipar o laborat\u00f3rio de Telejornalismo e Document\u00e1rio para TV. A aquisi\u00e7\u00e3o foi feita por meio de um preg\u00e3o eletr\u00f4nico, direcionado para empresas cadastradas no site...","og_url":"http:\/\/jornalismo.ufsj.edu.br\/site\/sem-categoria\/curso-de-jornalismo-recebe-equipamentos-para-laboratorio-de-tv\/","og_site_name":"Jornalismo UFSJ","article_publisher":"https:\/\/www.facebook.com\/jornalismoufsj\/","article_published_time":"2013-05-07T19:35:00+00:00","og_image":[{"url":"https:\/\/jornalismou.files.wordpress.com\/2013\/05\/279e7-913125_605908566087230_78054590_n.jpg?w=300"}],"twitter_card":"summary_large_image","twitter_creator":"@jornalismoufsj","twitter_site":"@jornalismoufsj","twitter_misc":{"Escrito por":"","Est. tempo de leitura":"1 minuto"},"schema":{"@context":"https:\/\/schema.org","@graph":[{"@type":"WebPage","@id":"http:\/\/jornalismo.ufsj.edu.br\/site\/sem-categoria\/curso-de-jornalismo-recebe-equipamentos-para-laboratorio-de-tv\/","url":"http:\/\/jornalismo.ufsj.edu.br\/site\/sem-categoria\/curso-de-jornalismo-recebe-equipamentos-para-laboratorio-de-tv\/","name":"Curso de Jornalismo recebe equipamentos para Laborat\u00f3rio de TV - Jornalismo UFSJ","isPartOf":{"@id":"https:\/\/jornalismo.ufsj.edu.br\/site\/#website"},"datePublished":"2013-05-07T19:35:00+00:00","dateModified":"2013-05-07T19:35:00+00:00","author":{"@id":""},"breadcrumb":{"@id":"http:\/\/jornalismo.ufsj.edu.br\/site\/sem-categoria\/curso-de-jornalismo-recebe-equipamentos-para-laboratorio-de-tv\/#breadcrumb"},"inLanguage":"pt-BR","potentialAction":[{"@type":"ReadAction","target":["http:\/\/jornalismo.ufsj.edu.br\/site\/sem-categoria\/curso-de-jornalismo-recebe-equipamentos-para-laboratorio-de-tv\/"]}]},{"@type":"BreadcrumbList","@id":"http:\/\/jornalismo.ufsj.edu.br\/site\/sem-categoria\/curso-de-jornalismo-recebe-equipamentos-para-laboratorio-de-tv\/#breadcrumb","itemListElement":[{"@type":"ListItem","position":1,"name":"In\u00edcio","item":"https:\/\/jornalismo.ufsj.edu.br\/site\/"},{"@type":"ListItem","position":2,"name":"Curso de Jornalismo recebe equipamentos para Laborat\u00f3rio de TV"}]},{"@type":"WebSite","@id":"https:\/\/jornalismo.ufsj.edu.br\/site\/#website","url":"https:\/\/jornalismo.ufsj.edu.br\/site\/","name":"Jornalismo UFSJ","description":"","potentialAction":[{"@type":"SearchAction","target":{"@type":"EntryPoint","urlTemplate":"https:\/\/jornalismo.ufsj.edu.br\/site\/?s={search_term_string}"},"query-input":"required name=search_term_string"}],"inLanguage":"pt-BR"},{"@type":"Person","@id":""}]}},"jetpack_featured_media_url":"","_links":{"self":[{"href":"http:\/\/jornalismo.ufsj.edu.br\/site\/wp-json\/wp\/v2\/posts\/1115"}],"collection":[{"href":"http:\/\/jornalismo.ufsj.edu.br\/site\/wp-json\/wp\/v2\/posts"}],"about":[{"href":"http:\/\/jornalismo.ufsj.edu.br\/site\/wp-json\/wp\/v2\/types\/post"}],"author":[{"embeddable":true,"href":"http:\/\/jornalismo.ufsj.edu.br\/site\/wp-json\/wp\/v2\/users\/3"}],"replies":[{"embeddable":true,"href":"http:\/\/jornalismo.ufsj.edu.br\/site\/wp-json\/wp\/v2\/comments?post=1115"}],"version-history":[{"count":0,"href":"http:\/\/jornalismo.ufsj.edu.br\/site\/wp-json\/wp\/v2\/posts\/1115\/revisions"}],"wp:attachment":[{"href":"http:\/\/jornalismo.ufsj.edu.br\/site\/wp-json\/wp\/v2\/media?parent=1115"}],"wp:term":[{"taxonomy":"category","embeddable":true,"href":"http:\/\/jornalismo.ufsj.edu.br\/site\/wp-json\/wp\/v2\/categories?post=1115"},{"taxonomy":"post_tag","embeddable":true,"href":"http:\/\/jornalismo.ufsj.edu.br\/site\/wp-json\/wp\/v2\/tags?post=1115"}],"curies":[{"name":"wp","href":"https:\/\/api.w.org\/{rel}","templated":true}]}}